{"id":769,"date":"2023-04-19T14:09:24","date_gmt":"2023-04-19T05:09:24","guid":{"rendered":"http:\/\/palmu.st\/fi\/?p=769"},"modified":"2023-04-19T14:09:24","modified_gmt":"2023-04-19T05:09:24","slug":"kirje-131-huhtikuu-2023","status":"publish","type":"post","link":"https:\/\/palmu.st\/fi\/?p=769","title":{"rendered":"Kirje 131: Huhtikuu 2023"},"content":{"rendered":"\n<p><strong>Siunatkoon ja varjelkoon teit\u00e4 kolmiyhteinen Jumala,<\/strong><\/p>\n\n\n\n<p>Is\u00e4 ja Poika ja Pyh\u00e4 Henki, ja\npyhitt\u00e4k\u00f6\u00f6n teid\u00e4t palvelemaan\nKristuksen kirkkoa aina ja\nkaikkialla.\n <\/p>\n\n\n\n<p>N\u00e4ill\u00e4 sanoilla saimme\nolla Tesoman kirkon alttarilla matkaan\nsiunattavana. Helsingin T\u00f6\u00f6l\u00f6, Tampereen\nHarju, Kirkkonummi, Noormarkku, Ulvila,\nKuopion Alava, Kallavesi, M\u00e4nnist\u00f6, sek\u00e4\nJ\u00e4rvi-Kuopion seurakunnat ovat tehneet\nsopimuksen Kansanl\u00e4hetyksen kanssa\nolla tukemassa &#8211; taloudellisin varoin, sek\u00e4\nrukouksin &#8211; l\u00e4hetysty\u00f6t\u00e4 Japanissa. T\u00e4t\u00e4\nyhteist\u00e4 ty\u00f6t\u00e4 olemme taas kerran l\u00e4hd\u00f6ss\u00e4\nesirukousten kantamana jatkamaan\nmy\u00f6hemmin t\u00e4n\u00e4 vuonna. L\u00e4hett\u00e4jin\u00e4 on\nseurakuntien lis\u00e4ksi monen monta yksityist\u00e4\nlahjoittajaa ja esirukoilijaa. Kiitos teille\nkaikille. Ilman teit\u00e4 emme voisi t\u00e4t\u00e4 ty\u00f6t\u00e4\ntehd\u00e4. Jumala palkitkoon ty\u00f6nne ja lahjanne\nmoninkertaisesti.\n <\/p>\n\n\n\n<p>Tampereen Harjun seurakunnassa\noli siis ensimm\u00e4inen monesta\nmatkaansiunaamisesta, jota t\u00e4ss\u00e4 on edess\u00e4\nennen kuin aloitamme viidennen ty\u00f6kauden\nKoben kaupungissa Kita-Suzurandain\nseurakunnassa.<\/p>\n\n\n\n<p>[&#8230; <a rel=\"noreferrer noopener\" href=\"\/fi\/yk\/huhti2023.pdf\" target=\"_blank\">jatkuu<\/a> &#8230; pdf-tiedosto]<\/p>\n\n\n\n<figure class=\"wp-block-image\"><img decoding=\"async\" src=\"\/fi\/yk\/huhti2023-1-thumb.jpg\" alt=\"huhti2023-1\"\/><\/figure>\n\n\n\n<figure class=\"wp-block-image\"><img decoding=\"async\" src=\"\/fi\/yk\/huhti2023-2-thumb.jpg\" alt=\"huhti2023-2\"\/><\/figure>\n\n\n\n<p>PDF-muotoinen kirjeemme on luettavissa ja tulostettavissa <a href=\"\/fi\/yk\/huhti2023.pdf\" target=\"_blank\" rel=\"noreferrer noopener\">t\u00e4st\u00e4<\/a> linkist\u00e4!<\/p>\n","protected":false},"excerpt":{"rendered":"<p>Siunatkoon ja varjelkoon teit\u00e4 kolmiyhteinen Jumala, Is\u00e4 ja Poika ja Pyh\u00e4 Henki, ja pyhitt\u00e4k\u00f6\u00f6n teid\u00e4t palvelemaan Kristuksen kirkkoa aina ja kaikkialla. N\u00e4ill\u00e4 sanoilla saimme olla Tesoman kirkon alttarilla matkaan siunattavana. Helsingin T\u00f6\u00f6l\u00f6, Tampereen Harju, Kirkkonummi, Noormarkku, Ulvila, Kuopion Alava, Kallavesi, &hellip; <a href=\"https:\/\/palmu.st\/fi\/?p=769\">Lue loppuun <span class=\"meta-nav\">&rarr;<\/span><\/a><\/p>\n","protected":false},"author":1,"featured_media":0,"comment_status":"closed","ping_status":"open","sticky":false,"template":"","format":"standard","meta":{"footnotes":""},"categories":[1],"tags":[],"class_list":["post-769","post","type-post","status-publish","format-standard","hentry","category-yk"],"_links":{"self":[{"href":"https:\/\/palmu.st\/fi\/index.php?rest_route=\/wp\/v2\/posts\/769","targetHints":{"allow":["GET"]}}],"collection":[{"href":"https:\/\/palmu.st\/fi\/index.php?rest_route=\/wp\/v2\/posts"}],"about":[{"href":"https:\/\/palmu.st\/fi\/index.php?rest_route=\/wp\/v2\/types\/post"}],"author":[{"embeddable":true,"href":"https:\/\/palmu.st\/fi\/index.php?rest_route=\/wp\/v2\/users\/1"}],"replies":[{"embeddable":true,"href":"https:\/\/palmu.st\/fi\/index.php?rest_route=%2Fwp%2Fv2%2Fcomments&post=769"}],"version-history":[{"count":1,"href":"https:\/\/palmu.st\/fi\/index.php?rest_route=\/wp\/v2\/posts\/769\/revisions"}],"predecessor-version":[{"id":770,"href":"https:\/\/palmu.st\/fi\/index.php?rest_route=\/wp\/v2\/posts\/769\/revisions\/770"}],"wp:attachment":[{"href":"https:\/\/palmu.st\/fi\/index.php?rest_route=%2Fwp%2Fv2%2Fmedia&parent=769"}],"wp:term":[{"taxonomy":"category","embeddable":true,"href":"https:\/\/palmu.st\/fi\/index.php?rest_route=%2Fwp%2Fv2%2Fcategories&post=769"},{"taxonomy":"post_tag","embeddable":true,"href":"https:\/\/palmu.st\/fi\/index.php?rest_route=%2Fwp%2Fv2%2Ftags&post=769"}],"curies":[{"name":"wp","href":"https:\/\/api.w.org\/{rel}","templated":true}]}}