{"id":755,"date":"2023-02-20T17:50:32","date_gmt":"2023-02-20T08:50:32","guid":{"rendered":"http:\/\/palmu.st\/fi\/?p=755"},"modified":"2023-02-20T17:50:32","modified_gmt":"2023-02-20T08:50:32","slug":"kirje-129-helmikuu-2023","status":"publish","type":"post","link":"https:\/\/palmu.st\/fi\/?p=755","title":{"rendered":"Kirje 129: Helmikuu 2023"},"content":{"rendered":"\n<p><strong>Sampolasta Tikkurilaan, kotikonttori kutsuu<\/strong><\/p>\n\n\n\n<p>Ensi viikolla on hiihtoloma, jonka j\u00e4lkeen\nk\u00e4yn viel\u00e4 pari p\u00e4iv\u00e4\u00e4 Ryttyl\u00e4n toimistossa\n(rakennuksen nimi on Sampola), josta ker\u00e4\u00e4n\nhenkil\u00f6kohtaiset tavarani t\u00e4nne Tikkurilan\nkotikonttoriin jatkaakseni sitten kotoa k\u00e4sin\nseurakuntavierailuja ja l\u00e4hetystilaisuuksia.\nEli v\u00e4hiin k\u00e4y toimistoty\u00f6l\u00e4isen aamut.\n <\/p>\n\n\n\n<p>T\u00e4ll\u00e4 viikolla saimme juuri yhdess\u00e4\nviestint\u00e4osaston kanssa Raamattu rakkaaksi\n-kev\u00e4tker\u00e4yst\u00e4 esittelev\u00e4n Suuressa mukana\n-lehden painokuntoon. Lehdess\u00e4 kerrotaan\nraamatunk\u00e4\u00e4nn\u00f6sty\u00f6st\u00e4 eri puolilla\nmaailmaa, huikeita juttuja, suosittelen\nlukemaan sen kunhan se tulee sielt\u00e4\npainosta. Viestint\u00e4osastolta varainhankinnan\nkoordinaattori Marja Neuvonen sek\u00e4\nviestint\u00e4koordinaattori Anne Lepikko ovat\nn\u00e4hneet t\u00e4m\u00e4nkin lehden eteen paljon vaivaa,\nsuuret kiitokset heille t\u00e4st\u00e4 arvokkaasta\nty\u00f6panoksesta.<\/p>\n\n\n\n<p>[&#8230; <a rel=\"noreferrer noopener\" href=\"\/fi\/yk\/helmi2023.pdf\" target=\"_blank\">jatkuu<\/a> &#8230; pdf-tiedosto]<\/p>\n\n\n\n<figure class=\"wp-block-image\"><img decoding=\"async\" src=\"\/fi\/yk\/helmi2023-1-thumb.jpg\" alt=\"helmi2023-1\"\/><\/figure>\n\n\n\n<figure class=\"wp-block-image\"><img decoding=\"async\" src=\"\/fi\/yk\/helmi2023-2-thumb.jpg\" alt=\"helmi2023-2\"\/><\/figure>\n\n\n\n<p>PDF-muotoinen kirjeemme on luettavissa ja tulostettavissa <a href=\"\/fi\/yk\/helmi2023.pdf\" target=\"_blank\" rel=\"noreferrer noopener\">t\u00e4st\u00e4<\/a> linkist\u00e4!<\/p>\n","protected":false},"excerpt":{"rendered":"<p>Sampolasta Tikkurilaan, kotikonttori kutsuu Ensi viikolla on hiihtoloma, jonka j\u00e4lkeen k\u00e4yn viel\u00e4 pari p\u00e4iv\u00e4\u00e4 Ryttyl\u00e4n toimistossa (rakennuksen nimi on Sampola), josta ker\u00e4\u00e4n henkil\u00f6kohtaiset tavarani t\u00e4nne Tikkurilan kotikonttoriin jatkaakseni sitten kotoa k\u00e4sin seurakuntavierailuja ja l\u00e4hetystilaisuuksia. Eli v\u00e4hiin k\u00e4y toimistoty\u00f6l\u00e4isen aamut. T\u00e4ll\u00e4 &hellip; <a href=\"https:\/\/palmu.st\/fi\/?p=755\">Lue loppuun <span class=\"meta-nav\">&rarr;<\/span><\/a><\/p>\n","protected":false},"author":1,"featured_media":0,"comment_status":"closed","ping_status":"open","sticky":false,"template":"","format":"standard","meta":{"footnotes":""},"categories":[1],"tags":[],"class_list":["post-755","post","type-post","status-publish","format-standard","hentry","category-yk"],"_links":{"self":[{"href":"https:\/\/palmu.st\/fi\/index.php?rest_route=\/wp\/v2\/posts\/755","targetHints":{"allow":["GET"]}}],"collection":[{"href":"https:\/\/palmu.st\/fi\/index.php?rest_route=\/wp\/v2\/posts"}],"about":[{"href":"https:\/\/palmu.st\/fi\/index.php?rest_route=\/wp\/v2\/types\/post"}],"author":[{"embeddable":true,"href":"https:\/\/palmu.st\/fi\/index.php?rest_route=\/wp\/v2\/users\/1"}],"replies":[{"embeddable":true,"href":"https:\/\/palmu.st\/fi\/index.php?rest_route=%2Fwp%2Fv2%2Fcomments&post=755"}],"version-history":[{"count":1,"href":"https:\/\/palmu.st\/fi\/index.php?rest_route=\/wp\/v2\/posts\/755\/revisions"}],"predecessor-version":[{"id":756,"href":"https:\/\/palmu.st\/fi\/index.php?rest_route=\/wp\/v2\/posts\/755\/revisions\/756"}],"wp:attachment":[{"href":"https:\/\/palmu.st\/fi\/index.php?rest_route=%2Fwp%2Fv2%2Fmedia&parent=755"}],"wp:term":[{"taxonomy":"category","embeddable":true,"href":"https:\/\/palmu.st\/fi\/index.php?rest_route=%2Fwp%2Fv2%2Fcategories&post=755"},{"taxonomy":"post_tag","embeddable":true,"href":"https:\/\/palmu.st\/fi\/index.php?rest_route=%2Fwp%2Fv2%2Ftags&post=755"}],"curies":[{"name":"wp","href":"https:\/\/api.w.org\/{rel}","templated":true}]}}