{"id":735,"date":"2022-09-12T23:48:09","date_gmt":"2022-09-12T14:48:09","guid":{"rendered":"http:\/\/palmu.st\/fi\/?p=735"},"modified":"2022-09-12T23:48:09","modified_gmt":"2022-09-12T14:48:09","slug":"kirje-126-syyskuu-2022","status":"publish","type":"post","link":"https:\/\/palmu.st\/fi\/?p=735","title":{"rendered":"Kirje 126: Syyskuu 2022"},"content":{"rendered":"\n<p><strong>&nbsp;Monenlaista tapahtumaa tulossa&nbsp;<\/strong><\/p>\n\n\n\n<p>Olen tulevana lauantaina menossa\nLapuan hiippakunnan l\u00e4hetysseminaariin,\njoka pidet\u00e4\u00e4n Kuortaneella. Minua on\npyydetty pit\u00e4m\u00e4\u00e4n puheenvuoro Lapuan\nhiippakunnan, Kansanl\u00e4hetyksen ja Jimma\nBethel -synodin yhteisty\u00f6sopimuksesta.\n <\/p>\n\n\n\n<p>Seuraavana p\u00e4iv\u00e4n\u00e4 olen sitten menossa k\u00e4ym\u00e4\u00e4n Kristiinankaupungissa. Minulla on siell\u00e4 kirkkoherran kanssa sovittu jumalanpalveluksen liturgiavastuu, sek\u00e4 saarna ja kirkkokahvien j\u00e4lkeen ajattelin viel\u00e4 kertoa l\u00e4hetysty\u00f6st\u00e4 Japanissa. <\/p>\n\n\n\n<p>Seuraavalla viikolla 23.-25.9. olisi Ryttyl\u00e4ss\u00e4 <a href=\"https:\/\/kansanlahetys.fi\/tapahtumat\/israel-paivat-uskon-juuret\/\" data-type=\"URL\" data-id=\"https:\/\/kansanlahetys.fi\/tapahtumat\/israel-paivat-uskon-juuret\/\" target=\"_blank\" rel=\"noreferrer noopener\">Israel-p\u00e4iv\u00e4t<\/a>, jossa olen niinik\u00e4\u00e4n vetovastuussa. <\/p>\n\n\n\n<p>[&#8230; <a rel=\"noreferrer noopener\" href=\"\/fi\/yk\/syys2022.pdf\" target=\"_blank\">jatkuu<\/a> &#8230; pdf-tiedosto]<\/p>\n\n\n\n<figure class=\"wp-block-image\"><img decoding=\"async\" src=\"\/fi\/yk\/syys2022-1-thumb.jpg\" alt=\"syys2022-1\"\/><\/figure>\n\n\n\n<figure class=\"wp-block-image\"><img decoding=\"async\" src=\"\/fi\/yk\/syys2022-2-thumb.jpg\" alt=\"syys2022-2\"\/><\/figure>\n\n\n\n<p>PDF-muotoinen kirjeemme on luettavissa ja tulostettavissa <a href=\"\/fi\/yk\/syys2022.pdf\" target=\"_blank\" rel=\"noreferrer noopener\">t\u00e4st\u00e4<\/a> linkist\u00e4!<\/p>\n","protected":false},"excerpt":{"rendered":"<p>&nbsp;Monenlaista tapahtumaa tulossa&nbsp; Olen tulevana lauantaina menossa Lapuan hiippakunnan l\u00e4hetysseminaariin, joka pidet\u00e4\u00e4n Kuortaneella. Minua on pyydetty pit\u00e4m\u00e4\u00e4n puheenvuoro Lapuan hiippakunnan, Kansanl\u00e4hetyksen ja Jimma Bethel -synodin yhteisty\u00f6sopimuksesta. Seuraavana p\u00e4iv\u00e4n\u00e4 olen sitten menossa k\u00e4ym\u00e4\u00e4n Kristiinankaupungissa. Minulla on siell\u00e4 kirkkoherran kanssa sovittu jumalanpalveluksen &hellip; <a href=\"https:\/\/palmu.st\/fi\/?p=735\">Lue loppuun <span class=\"meta-nav\">&rarr;<\/span><\/a><\/p>\n","protected":false},"author":1,"featured_media":0,"comment_status":"closed","ping_status":"open","sticky":false,"template":"","format":"standard","meta":{"footnotes":""},"categories":[1],"tags":[],"class_list":["post-735","post","type-post","status-publish","format-standard","hentry","category-yk"],"_links":{"self":[{"href":"https:\/\/palmu.st\/fi\/index.php?rest_route=\/wp\/v2\/posts\/735","targetHints":{"allow":["GET"]}}],"collection":[{"href":"https:\/\/palmu.st\/fi\/index.php?rest_route=\/wp\/v2\/posts"}],"about":[{"href":"https:\/\/palmu.st\/fi\/index.php?rest_route=\/wp\/v2\/types\/post"}],"author":[{"embeddable":true,"href":"https:\/\/palmu.st\/fi\/index.php?rest_route=\/wp\/v2\/users\/1"}],"replies":[{"embeddable":true,"href":"https:\/\/palmu.st\/fi\/index.php?rest_route=%2Fwp%2Fv2%2Fcomments&post=735"}],"version-history":[{"count":1,"href":"https:\/\/palmu.st\/fi\/index.php?rest_route=\/wp\/v2\/posts\/735\/revisions"}],"predecessor-version":[{"id":736,"href":"https:\/\/palmu.st\/fi\/index.php?rest_route=\/wp\/v2\/posts\/735\/revisions\/736"}],"wp:attachment":[{"href":"https:\/\/palmu.st\/fi\/index.php?rest_route=%2Fwp%2Fv2%2Fmedia&parent=735"}],"wp:term":[{"taxonomy":"category","embeddable":true,"href":"https:\/\/palmu.st\/fi\/index.php?rest_route=%2Fwp%2Fv2%2Fcategories&post=735"},{"taxonomy":"post_tag","embeddable":true,"href":"https:\/\/palmu.st\/fi\/index.php?rest_route=%2Fwp%2Fv2%2Ftags&post=735"}],"curies":[{"name":"wp","href":"https:\/\/api.w.org\/{rel}","templated":true}]}}