{"id":531,"date":"2019-09-30T10:02:53","date_gmt":"2019-09-30T01:02:53","guid":{"rendered":"http:\/\/palmu.st\/fi\/?p=531"},"modified":"2019-09-30T10:03:17","modified_gmt":"2019-09-30T01:03:17","slug":"klts-varainkeruujuoksu-2019","status":"publish","type":"post","link":"https:\/\/palmu.st\/fi\/?p=531","title":{"rendered":"KLTS-varainkeruujuoksu 2019"},"content":{"rendered":"\n<figure class=\"wp-block-image\"><img loading=\"lazy\" decoding=\"async\" width=\"1024\" height=\"682\" src=\"https:\/\/palmu.st\/fi\/wp-content\/uploads\/2019\/09\/Varainkeruujuoksu2018-kuvaDanielNummela-1024x682.jpeg\" alt=\"\" class=\"wp-image-532\" srcset=\"https:\/\/palmu.st\/fi\/wp-content\/uploads\/2019\/09\/Varainkeruujuoksu2018-kuvaDanielNummela-1024x682.jpeg 1024w, https:\/\/palmu.st\/fi\/wp-content\/uploads\/2019\/09\/Varainkeruujuoksu2018-kuvaDanielNummela-300x200.jpeg 300w, https:\/\/palmu.st\/fi\/wp-content\/uploads\/2019\/09\/Varainkeruujuoksu2018-kuvaDanielNummela-768x512.jpeg 768w, https:\/\/palmu.st\/fi\/wp-content\/uploads\/2019\/09\/Varainkeruujuoksu2018-kuvaDanielNummela-1200x800.jpeg 1200w, https:\/\/palmu.st\/fi\/wp-content\/uploads\/2019\/09\/Varainkeruujuoksu2018-kuvaDanielNummela.jpeg 1280w\" sizes=\"auto, (max-width: 1024px) 100vw, 1024px\" \/><figcaption>Vuoden 2018 juoksijat Koben Minato no mori -puistossa (kuva: Daniel Nummela) <\/figcaption><\/figure>\n\n\n\n<p><strong>Varainkeruujuoksu Japanin kirkon ty\u00f6tekij\u00e4koulutuksen hyv\u00e4ksi<\/strong><\/p>\n\n\n\n<p>Koben luterilainen teologinen pappisseminaari j\u00e4rjest\u00e4\u00e4 Japanissa varainkeruujuoksun ker\u00e4t\u00e4kseen tukea L\u00e4nsi-Japanin Ev.lut. kirkon ty\u00f6ntekij\u00e4koulutukseen. Sek\u00e4 Kansanl\u00e4hetyksen suomalaiset l\u00e4hetit ett\u00e4 japanilaiset osallistujat kiert\u00e4v\u00e4t ratakierrosta tunnin ajan ja kunkin juoksijan tai k\u00e4velij\u00e4n taakse sitoutuneet sponsorit tukevat juoksijaa joko kertasummalla tai edettyjen ratakierrosten lukum\u00e4\u00e4r\u00e4n mukaan. Varainkeruujuoksu j\u00e4rjestet\u00e4\u00e4n t\u00e4n\u00e4 vuonna nelj\u00e4tt\u00e4 kertaa.<\/p>\n\n\n\n<p>Vuonna 2016 historian ensimm\u00e4isess\u00e4 varainkeruujuoksussa oli juoksijoita 17 henke\u00e4, joista viisi Kansanl\u00e4hetyksen l\u00e4hetti\u00e4. Kaksi vuotta my\u00f6hemmin, eli vuonna 2018 oman positiivisen tuulahduksensa toivat tapahtumaan Kansanl\u00e4hetyksen Japanin ty\u00f6n 50-vuotisjuhlan merkeiss\u00e4 osallistuneet suomalaisvieraat. Yhteens\u00e4 22 japanilaista, 12 suomalaista ja 2 norjalaista juoksijaa kiersiv\u00e4t rataa tunnin ajan kirpe\u00e4ss\u00e4 syyss\u00e4\u00e4ss\u00e4. Viime vuonna seminaarille tilitettiin varainkeruujuoksun sponsoritukena 515.000 jeni\u00e4, eli noin 4.400 euroa.&nbsp;N\u00e4in yhdess\u00e4 autoimme japanilaisia seurakuntia saamaan jatkossakin p\u00e4tevi\u00e4 ja hyv\u00e4kuntoisia pastoreita ja evankelistoja.<\/p>\n\n\n\n<p><\/p>\n\n\n\n<p><span style=\"text-decoration: underline;\">Muutamia tilastoja vuodelta 2018<\/span>:<br>&#8211; osallistujien kokonaism\u00e4\u00e4r\u00e4: 36 henkil\u00f6\u00e4<br>&#8211; kent\u00e4n kiert\u00e4miseen k\u00e4ytett\u00e4viss\u00e4 ollut aika 60min<br>&#8211; osallistujien kiert\u00e4m\u00e4t kierrokset yhteens\u00e4: 626 kierrosta<br>&#8211; osallistujien keskim\u00e4\u00e4r\u00e4inen kierrosm\u00e4\u00e4r\u00e4: 17 kierrosta<br>&#8211; osallistujien taivaltama keskimatka: 7,5km<\/p>\n\n\n\n<p><\/p>\n\n\n\n<p><strong>Vuoden 2019 varainkeruujuoksu toteutetaan Kobessa lauantaina 30.11.2017 alkaen Japanin aikaa klo 14 (Suomen aikaa klo 7). Voit osallistua siihen<\/strong>:<\/p>\n\n\n\n<p>* lahjoittamalla kertasumman tai<br>* sitoutumalla jonkun osallistujan sponsoriksi sinulle sopivalla kierrossummalla<\/p>\n\n\n\n<p>Valitse itsellesi sponsoroitava juoksija t\u00e4st\u00e4 edustavasta valikoimasta: <br>&#8211; Helena Kallioinen (Kansanl\u00e4hetyksen l\u00e4hetti Japanissa)<br>&#8211; Jukka Kallioinen (Kansanl\u00e4hetyksen l\u00e4hetti Japanissa)<br>&#8211; Eriko Kitasako (HAT-Koben seurakunnan evankelista)<br>&#8211; Rei Nagata (L\u00e4nsi-Japanin ev.lut. kirkon presidentti)<br>&#8211; Lauri Palmu (Kansanl\u00e4hetyksen l\u00e4hetti Japanissa)<br>&#8211; Teijo Peltola (Kansanl\u00e4hetyksen ulkomaisen ty\u00f6n johtaja)<\/p>\n","protected":false},"excerpt":{"rendered":"<p>Varainkeruujuoksu Japanin kirkon ty\u00f6tekij\u00e4koulutuksen hyv\u00e4ksi Koben luterilainen teologinen pappisseminaari j\u00e4rjest\u00e4\u00e4 Japanissa varainkeruujuoksun ker\u00e4t\u00e4kseen tukea L\u00e4nsi-Japanin Ev.lut. kirkon ty\u00f6ntekij\u00e4koulutukseen. Sek\u00e4 Kansanl\u00e4hetyksen suomalaiset l\u00e4hetit ett\u00e4 japanilaiset osallistujat kiert\u00e4v\u00e4t ratakierrosta tunnin ajan ja kunkin juoksijan tai k\u00e4velij\u00e4n taakse sitoutuneet sponsorit tukevat juoksijaa joko &hellip; <a href=\"https:\/\/palmu.st\/fi\/?p=531\">Lue loppuun <span class=\"meta-nav\">&rarr;<\/span><\/a><\/p>\n","protected":false},"author":1,"featured_media":0,"comment_status":"closed","ping_status":"open","sticky":false,"template":"","format":"standard","meta":{"footnotes":""},"categories":[5,2],"tags":[],"class_list":["post-531","post","type-post","status-publish","format-standard","hentry","category-kuvaterveisia","category-uu"],"_links":{"self":[{"href":"https:\/\/palmu.st\/fi\/index.php?rest_route=\/wp\/v2\/posts\/531","targetHints":{"allow":["GET"]}}],"collection":[{"href":"https:\/\/palmu.st\/fi\/index.php?rest_route=\/wp\/v2\/posts"}],"about":[{"href":"https:\/\/palmu.st\/fi\/index.php?rest_route=\/wp\/v2\/types\/post"}],"author":[{"embeddable":true,"href":"https:\/\/palmu.st\/fi\/index.php?rest_route=\/wp\/v2\/users\/1"}],"replies":[{"embeddable":true,"href":"https:\/\/palmu.st\/fi\/index.php?rest_route=%2Fwp%2Fv2%2Fcomments&post=531"}],"version-history":[{"count":2,"href":"https:\/\/palmu.st\/fi\/index.php?rest_route=\/wp\/v2\/posts\/531\/revisions"}],"predecessor-version":[{"id":534,"href":"https:\/\/palmu.st\/fi\/index.php?rest_route=\/wp\/v2\/posts\/531\/revisions\/534"}],"wp:attachment":[{"href":"https:\/\/palmu.st\/fi\/index.php?rest_route=%2Fwp%2Fv2%2Fmedia&parent=531"}],"wp:term":[{"taxonomy":"category","embeddable":true,"href":"https:\/\/palmu.st\/fi\/index.php?rest_route=%2Fwp%2Fv2%2Fcategories&post=531"},{"taxonomy":"post_tag","embeddable":true,"href":"https:\/\/palmu.st\/fi\/index.php?rest_route=%2Fwp%2Fv2%2Ftags&post=531"}],"curies":[{"name":"wp","href":"https:\/\/api.w.org\/{rel}","templated":true}]}}