{"id":528,"date":"2019-09-13T13:21:05","date_gmt":"2019-09-13T04:21:05","guid":{"rendered":"http:\/\/palmu.st\/fi\/?p=528"},"modified":"2019-09-13T13:21:05","modified_gmt":"2019-09-13T04:21:05","slug":"kirje-95-syyskuu-2019","status":"publish","type":"post","link":"https:\/\/palmu.st\/fi\/?p=528","title":{"rendered":"Kirje 95: Syyskuu 2019"},"content":{"rendered":"\n<p><strong>Jo vuodesta 2003!<\/strong><\/p>\n\n\n\n<p>T\u00e4ss\u00e4 kuussa tulee kuluneeksi\n14 vuotta siit\u00e4, kun ensi\nkertaa saavuimme perheen\u00e4\nJapaniin. Moni teist\u00e4\nlukijoistakin on ollut t\u00e4m\u00e4n\najan ja jopa kauemminkin\nmukana t\u00e4ss\u00e4 Japanin\nl\u00e4hetysty\u00f6ss\u00e4, sill\u00e4\nvarsinainen l\u00e4hetyskurssimme\nalkoi vuonna 2004, mutta\nl\u00e4hetyskoulutuksemme\naloitimme jo syksyll\u00e4 2003.\nAlusta l\u00e4htien meill\u00e4 on ollut\nmonia uskollisia\nesirukoilijoita. Kiitokset teille\nkaikille!<\/p>\n\n\n\n<p>Ty\u00f6 jatkuu! Olemme kiitollisia\nsiit\u00e4, edelleen voimme olla\nkertomassa Jeesuksesta\njapanilaisille. Japanissa ty\u00f6\non usein hidasta ja vaatii\npitk\u00e4j\u00e4nteisyytt\u00e4.\nRukouksemme on, ett\u00e4 me\nt\u00e4\u00e4ll\u00e4 ja te siell\u00e4 voimme olla\nedelleen suuressa mukana!<\/p>\n\n\n\n<p>[&#8230; <a href=\"\/fi\/yk\/syys2019.pdf\" target=\"_blank\" rel=\"noreferrer noopener\">jatkuu<\/a> &#8230;]<\/p>\n\n\n\n<figure class=\"wp-block-image\"><img decoding=\"async\" src=\"\/fi\/yk\/syys2019-1-thumb.jpg\" alt=\"syys2019-1\"\/><\/figure>\n\n\n\n<figure class=\"wp-block-image\"><img decoding=\"async\" src=\"\/fi\/yk\/syys2019-2-thumb.jpg\" alt=\"syys2019-2\"\/><\/figure>\n\n\n\n<p>PDF-muotoinen kirjeemme on luettavissa ja tulostettavissa <a href=\"\/fi\/yk\/syys2019.pdf\" target=\"_blank\" rel=\"noreferrer noopener\">t\u00e4st\u00e4<\/a> linkist\u00e4!<\/p>\n","protected":false},"excerpt":{"rendered":"<p>Jo vuodesta 2003! T\u00e4ss\u00e4 kuussa tulee kuluneeksi 14 vuotta siit\u00e4, kun ensi kertaa saavuimme perheen\u00e4 Japaniin. Moni teist\u00e4 lukijoistakin on ollut t\u00e4m\u00e4n ajan ja jopa kauemminkin mukana t\u00e4ss\u00e4 Japanin l\u00e4hetysty\u00f6ss\u00e4, sill\u00e4 varsinainen l\u00e4hetyskurssimme alkoi vuonna 2004, mutta l\u00e4hetyskoulutuksemme aloitimme jo &hellip; <a href=\"https:\/\/palmu.st\/fi\/?p=528\">Lue loppuun <span class=\"meta-nav\">&rarr;<\/span><\/a><\/p>\n","protected":false},"author":1,"featured_media":0,"comment_status":"closed","ping_status":"open","sticky":false,"template":"","format":"standard","meta":{"footnotes":""},"categories":[1],"tags":[],"class_list":["post-528","post","type-post","status-publish","format-standard","hentry","category-yk"],"_links":{"self":[{"href":"https:\/\/palmu.st\/fi\/index.php?rest_route=\/wp\/v2\/posts\/528","targetHints":{"allow":["GET"]}}],"collection":[{"href":"https:\/\/palmu.st\/fi\/index.php?rest_route=\/wp\/v2\/posts"}],"about":[{"href":"https:\/\/palmu.st\/fi\/index.php?rest_route=\/wp\/v2\/types\/post"}],"author":[{"embeddable":true,"href":"https:\/\/palmu.st\/fi\/index.php?rest_route=\/wp\/v2\/users\/1"}],"replies":[{"embeddable":true,"href":"https:\/\/palmu.st\/fi\/index.php?rest_route=%2Fwp%2Fv2%2Fcomments&post=528"}],"version-history":[{"count":1,"href":"https:\/\/palmu.st\/fi\/index.php?rest_route=\/wp\/v2\/posts\/528\/revisions"}],"predecessor-version":[{"id":529,"href":"https:\/\/palmu.st\/fi\/index.php?rest_route=\/wp\/v2\/posts\/528\/revisions\/529"}],"wp:attachment":[{"href":"https:\/\/palmu.st\/fi\/index.php?rest_route=%2Fwp%2Fv2%2Fmedia&parent=528"}],"wp:term":[{"taxonomy":"category","embeddable":true,"href":"https:\/\/palmu.st\/fi\/index.php?rest_route=%2Fwp%2Fv2%2Fcategories&post=528"},{"taxonomy":"post_tag","embeddable":true,"href":"https:\/\/palmu.st\/fi\/index.php?rest_route=%2Fwp%2Fv2%2Ftags&post=528"}],"curies":[{"name":"wp","href":"https:\/\/api.w.org\/{rel}","templated":true}]}}