{"id":439,"date":"2017-12-07T14:26:25","date_gmt":"2017-12-07T05:26:25","guid":{"rendered":"http:\/\/palmu.st\/fi\/?p=439"},"modified":"2017-12-07T14:26:25","modified_gmt":"2017-12-07T05:26:25","slug":"kirje-75-joulukuu-2017","status":"publish","type":"post","link":"https:\/\/palmu.st\/fi\/?p=439","title":{"rendered":"Kirje 75: Joulukuu 2017"},"content":{"rendered":"<p><strong>Itsen\u00e4isyysp\u00e4iv\u00e4tervehdys!<\/strong><\/p>\n<p>Suomen itsen\u00e4isyysp\u00e4iv\u00e4\u00e4 viet\u00e4mme 6.12. &#8221;Suomalainen messu&#8221;-musikaalia katsoen. Ryhm\u00e4 tulee t\u00e4nne asti esiintym\u00e4\u00e4n ja mik\u00e4p\u00e4s parempi tapa juhlia 100-vuotiasta Suomea. Joulun tilaisuudet alkovat oikeastaan jo 30.11., kun pidimme kirkolla jouluisen leivontapiirin, jossa pikkujoulut mukana. Leivoimme jouluhalko-kakun ja hyvinh\u00e4n se onnistui. Mukana oli 15 aikuista ja yksi vauva, suurin osa heist\u00e4 ei-kristittyj\u00e4. Joululaulut jo raikuivat kauniisti.<\/p>\n<p>[&#8230; <a title=\"Kirje 75: Joulukuu 2017\" href=\"\/fi\/yk\/joulu2017.pdf\" target=\"_blank\" rel=\"noopener noreferrer\">jatkuu<\/a> &#8230;]<\/p>\n<p><a title=\"Joulu2017-1\" href=\"\/fi\/yk\/joulu2017-1.jpg\"><strong><img loading=\"lazy\" decoding=\"async\" title=\"Joulu2017-1\" src=\"\/fi\/yk\/joulu2017-1-thumb.jpg\" alt=\"Joulu2017-1\" width=\"107\" height=\"150\" \/><\/strong><\/a><br \/>\n<a title=\"Joulu2017-2\" href=\"\/fi\/yk\/joulu2017-2.jpg\"><strong><img loading=\"lazy\" decoding=\"async\" title=\"Joulu2017-2\" src=\"\/fi\/yk\/joulu2017-2-thumb.jpg\" alt=\"Joulu2017-2\" width=\"107\" height=\"150\" \/><\/strong><\/a><\/p>\n<p>PDF-muotoinen kirjeemme on luettavissa ja tulostettavissa <a title=\"Kirje 75: Joulukuu 2017\" href=\"\/fi\/yk\/joulu2017.pdf\" target=\"_blank\" rel=\"noopener noreferrer\">t\u00e4st\u00e4<\/a> linkist\u00e4!<\/p>\n","protected":false},"excerpt":{"rendered":"<p>Itsen\u00e4isyysp\u00e4iv\u00e4tervehdys! Suomen itsen\u00e4isyysp\u00e4iv\u00e4\u00e4 viet\u00e4mme 6.12. &#8221;Suomalainen messu&#8221;-musikaalia katsoen. Ryhm\u00e4 tulee t\u00e4nne asti esiintym\u00e4\u00e4n ja mik\u00e4p\u00e4s parempi tapa juhlia 100-vuotiasta Suomea. Joulun tilaisuudet alkovat oikeastaan jo 30.11., kun pidimme kirkolla jouluisen leivontapiirin, jossa pikkujoulut mukana. Leivoimme jouluhalko-kakun ja hyvinh\u00e4n se onnistui. &hellip; <a href=\"https:\/\/palmu.st\/fi\/?p=439\">Lue loppuun <span class=\"meta-nav\">&rarr;<\/span><\/a><\/p>\n","protected":false},"author":1,"featured_media":0,"comment_status":"closed","ping_status":"open","sticky":false,"template":"","format":"standard","meta":{"footnotes":""},"categories":[1],"tags":[],"class_list":["post-439","post","type-post","status-publish","format-standard","hentry","category-yk"],"_links":{"self":[{"href":"https:\/\/palmu.st\/fi\/index.php?rest_route=\/wp\/v2\/posts\/439","targetHints":{"allow":["GET"]}}],"collection":[{"href":"https:\/\/palmu.st\/fi\/index.php?rest_route=\/wp\/v2\/posts"}],"about":[{"href":"https:\/\/palmu.st\/fi\/index.php?rest_route=\/wp\/v2\/types\/post"}],"author":[{"embeddable":true,"href":"https:\/\/palmu.st\/fi\/index.php?rest_route=\/wp\/v2\/users\/1"}],"replies":[{"embeddable":true,"href":"https:\/\/palmu.st\/fi\/index.php?rest_route=%2Fwp%2Fv2%2Fcomments&post=439"}],"version-history":[{"count":1,"href":"https:\/\/palmu.st\/fi\/index.php?rest_route=\/wp\/v2\/posts\/439\/revisions"}],"predecessor-version":[{"id":440,"href":"https:\/\/palmu.st\/fi\/index.php?rest_route=\/wp\/v2\/posts\/439\/revisions\/440"}],"wp:attachment":[{"href":"https:\/\/palmu.st\/fi\/index.php?rest_route=%2Fwp%2Fv2%2Fmedia&parent=439"}],"wp:term":[{"taxonomy":"category","embeddable":true,"href":"https:\/\/palmu.st\/fi\/index.php?rest_route=%2Fwp%2Fv2%2Fcategories&post=439"},{"taxonomy":"post_tag","embeddable":true,"href":"https:\/\/palmu.st\/fi\/index.php?rest_route=%2Fwp%2Fv2%2Ftags&post=439"}],"curies":[{"name":"wp","href":"https:\/\/api.w.org\/{rel}","templated":true}]}}