{"id":42,"date":"2008-11-29T19:14:07","date_gmt":"2008-11-29T10:14:07","guid":{"rendered":"http:\/\/palmu.st\/fi\/?p=42"},"modified":"2009-09-11T01:03:11","modified_gmt":"2009-09-10T16:03:11","slug":"palmunen-28-marraskuu-2008","status":"publish","type":"post","link":"https:\/\/palmu.st\/fi\/?p=42","title":{"rendered":"Palmunen 28: Marraskuu 2008"},"content":{"rendered":"<p><strong>Joulu l\u00e4hestyy <\/strong><\/p>\n<p><strong>Siunattua adventin aikaa sinulle! <\/strong><\/p>\n<p>Lokakuun puolessa v\u00e4liss\u00e4 teimme ensimm\u00e4iset havainnot  joulukoristeosastojen ilmestymisest\u00e4 tavarataloihin. Marraskuussa  t\u00e4nnekin rantautuneen Halloweenin j\u00e4lkeen alkoivat joululaulut soida  kaupoissa. N\u00e4inh\u00e4n se taitaa Suomessakin olla. Markkinavoimat ottavat  kaiken irti joulusta. Itse olemme ajatelleet ottaa joulukoristeet esiin  vasta ensimm\u00e4iseksi adventiksi. Mutta otamme toki kaiken irti joulusta  mekin! Joulu on mainiota aikaa kutsua ensikertalaisia kirkkoon \u2013 niit\u00e4,  jotka ehk\u00e4 muutoin eiv\u00e4t kristilliseen tilaisuuteen uskaltaisi tulla.  Kun joulu kerran n\u00e4kyy joka paikassa, on ihmisten kanssa helppo ottaa  puheeksi joulun todellinen sankari&#8230;<\/p>\n<p><a title=\"Joulu2008-1\" href=\"\/fi\/yk\/joulu2008-1.jpg\"><img decoding=\"async\" title=\"Joulu2008-1\" src=\"\/fi\/yk\/joulu2008-1-thumb.jpg\" alt=\"Joulu2008-1\" \/><\/a><a title=\"Joulu2008-2\" href=\"\/fi\/yk\/joulu2008-2.jpg\"><img decoding=\"async\" title=\"Joulu2008-2\" src=\"\/fi\/yk\/joulu2008-2-thumb.jpg\" alt=\"Joulu2008-2\" \/><\/a><a title=\"Joulu2008-3\" href=\"\/fi\/yk\/joulu2008-3.jpg\"><img decoding=\"async\" title=\"Joulu2008-3\" src=\"\/fi\/yk\/joulu2008-3-thumb.jpg\" alt=\"Joulu2008-3\" \/><\/a><a title=\"Joulu2008-4\" href=\"\/fi\/yk\/joulu2008-4.jpg\"><img decoding=\"async\" title=\"Joulu2008-4\" src=\"\/fi\/yk\/joulu2008-4-thumb.jpg\" alt=\"Joulu2008-4\" \/><\/a><\/p>\n<p>PDF-muotoinen kirjeemme on luettavissa ja tulostettavissa <a title=\"Palmunen 28: Joulukuu 2008\" href=\"https:\/\/palmu.st\/fi\/yk\/joulu2008.pdf\" target=\"_blank\">t\u00e4st\u00e4<\/a> linkist\u00e4!<\/p>\n","protected":false},"excerpt":{"rendered":"<p>Joulu l\u00e4hestyy Siunattua adventin aikaa sinulle! Lokakuun puolessa v\u00e4liss\u00e4 teimme ensimm\u00e4iset havainnot joulukoristeosastojen ilmestymisest\u00e4 tavarataloihin. Marraskuussa t\u00e4nnekin rantautuneen Halloweenin j\u00e4lkeen alkoivat joululaulut soida kaupoissa. N\u00e4inh\u00e4n se taitaa Suomessakin olla. Markkinavoimat ottavat kaiken irti joulusta. Itse olemme ajatelleet ottaa joulukoristeet esiin &hellip; <a href=\"https:\/\/palmu.st\/fi\/?p=42\">Lue loppuun <span class=\"meta-nav\">&rarr;<\/span><\/a><\/p>\n","protected":false},"author":1,"featured_media":0,"comment_status":"closed","ping_status":"closed","sticky":false,"template":"","format":"standard","meta":{"footnotes":""},"categories":[1],"tags":[],"class_list":["post-42","post","type-post","status-publish","format-standard","hentry","category-yk"],"_links":{"self":[{"href":"https:\/\/palmu.st\/fi\/index.php?rest_route=\/wp\/v2\/posts\/42","targetHints":{"allow":["GET"]}}],"collection":[{"href":"https:\/\/palmu.st\/fi\/index.php?rest_route=\/wp\/v2\/posts"}],"about":[{"href":"https:\/\/palmu.st\/fi\/index.php?rest_route=\/wp\/v2\/types\/post"}],"author":[{"embeddable":true,"href":"https:\/\/palmu.st\/fi\/index.php?rest_route=\/wp\/v2\/users\/1"}],"replies":[{"embeddable":true,"href":"https:\/\/palmu.st\/fi\/index.php?rest_route=%2Fwp%2Fv2%2Fcomments&post=42"}],"version-history":[{"count":2,"href":"https:\/\/palmu.st\/fi\/index.php?rest_route=\/wp\/v2\/posts\/42\/revisions"}],"predecessor-version":[{"id":98,"href":"https:\/\/palmu.st\/fi\/index.php?rest_route=\/wp\/v2\/posts\/42\/revisions\/98"}],"wp:attachment":[{"href":"https:\/\/palmu.st\/fi\/index.php?rest_route=%2Fwp%2Fv2%2Fmedia&parent=42"}],"wp:term":[{"taxonomy":"category","embeddable":true,"href":"https:\/\/palmu.st\/fi\/index.php?rest_route=%2Fwp%2Fv2%2Fcategories&post=42"},{"taxonomy":"post_tag","embeddable":true,"href":"https:\/\/palmu.st\/fi\/index.php?rest_route=%2Fwp%2Fv2%2Ftags&post=42"}],"curies":[{"name":"wp","href":"https:\/\/api.w.org\/{rel}","templated":true}]}}