{"id":38,"date":"2008-03-15T14:39:51","date_gmt":"2008-03-15T05:39:51","guid":{"rendered":"http:\/\/palmu.st\/fi\/?p=38"},"modified":"2009-09-11T01:03:30","modified_gmt":"2009-09-10T16:03:30","slug":"palmunen-24-maaliskuu-2008","status":"publish","type":"post","link":"https:\/\/palmu.st\/fi\/?p=38","title":{"rendered":"Palmunen 24: Maaliskuu 2008"},"content":{"rendered":"<p>Sin\u00e4 olet luonut minut sisint\u00e4ni my\u00f6ten, \u00e4itini kohdussa olet minut punonut. Min\u00e4 olen ihme, suuri ihme, ja kiit\u00e4n sinua siit\u00e4. Ihmeellisi\u00e4 ovat sinun tekosi, min\u00e4 tied\u00e4n sen. Min\u00e4 olen saanut hahmoni n\u00e4kym\u00e4tt\u00f6miss\u00e4, muotoni kuin syv\u00e4ll\u00e4 maan alla, mutta sinulta ei pienink\u00e4\u00e4n luuni ole salassa. Sinun silm\u00e4si n\u00e4kiv\u00e4t minut jo idullani, sinun kirjaasi on kaikki kirjoitettu. Ennen kuin olin el\u00e4nyt p\u00e4iv\u00e4\u00e4k\u00e4\u00e4n, olivat kaikki p\u00e4iv\u00e4ni jo luodut. Kuinka ylivertaisia ovatkaan sinun suunnitelmasi, Jumala, kuinka valtava onkaan niiden m\u00e4\u00e4r\u00e4! Jos yrit\u00e4n niit\u00e4 laskea, niit\u00e4 on enemm\u00e4n kuin on hiekanjyvi\u00e4. Min\u00e4 lopetan, mutta tied\u00e4n: sin\u00e4 olet kanssani. Ps.139:13-18 &#8230;<\/p>\n<p><a title=\"Maalis2008-1\" href=\"\/fi\/yk\/maalis2008-1.jpg\"><img decoding=\"async\" title=\"Maalis2008-1\" src=\"\/fi\/yk\/maalis2008-1-thumb.jpg\" alt=\"Maalis2008-1\" \/><\/a><a title=\"Maalis2008-2\" href=\"\/fi\/yk\/maalis2008-2.jpg\"><img decoding=\"async\" title=\"Maalis2008-2\" src=\"\/fi\/yk\/maalis2008-2-thumb.jpg\" alt=\"Maalis2008-2\" \/><\/a><\/p>\n<p>PDF-muotoinen kirjeemme on luettavissa ja tulostettavissa <a title=\"Palmunen 24: Maaliskuu 2008\" href=\"https:\/\/palmu.st\/fi\/yk\/maalis2008.pdf\" target=\"_blank\">t\u00e4st\u00e4<\/a> linkist\u00e4!<\/p>\n","protected":false},"excerpt":{"rendered":"<p>Sin\u00e4 olet luonut minut sisint\u00e4ni my\u00f6ten, \u00e4itini kohdussa olet minut punonut. Min\u00e4 olen ihme, suuri ihme, ja kiit\u00e4n sinua siit\u00e4. Ihmeellisi\u00e4 ovat sinun tekosi, min\u00e4 tied\u00e4n sen. Min\u00e4 olen saanut hahmoni n\u00e4kym\u00e4tt\u00f6miss\u00e4, muotoni kuin syv\u00e4ll\u00e4 maan alla, mutta sinulta ei &hellip; <a href=\"https:\/\/palmu.st\/fi\/?p=38\">Lue loppuun <span class=\"meta-nav\">&rarr;<\/span><\/a><\/p>\n","protected":false},"author":1,"featured_media":0,"comment_status":"closed","ping_status":"closed","sticky":false,"template":"","format":"standard","meta":{"footnotes":""},"categories":[1],"tags":[],"class_list":["post-38","post","type-post","status-publish","format-standard","hentry","category-yk"],"_links":{"self":[{"href":"https:\/\/palmu.st\/fi\/index.php?rest_route=\/wp\/v2\/posts\/38","targetHints":{"allow":["GET"]}}],"collection":[{"href":"https:\/\/palmu.st\/fi\/index.php?rest_route=\/wp\/v2\/posts"}],"about":[{"href":"https:\/\/palmu.st\/fi\/index.php?rest_route=\/wp\/v2\/types\/post"}],"author":[{"embeddable":true,"href":"https:\/\/palmu.st\/fi\/index.php?rest_route=\/wp\/v2\/users\/1"}],"replies":[{"embeddable":true,"href":"https:\/\/palmu.st\/fi\/index.php?rest_route=%2Fwp%2Fv2%2Fcomments&post=38"}],"version-history":[{"count":2,"href":"https:\/\/palmu.st\/fi\/index.php?rest_route=\/wp\/v2\/posts\/38\/revisions"}],"predecessor-version":[{"id":92,"href":"https:\/\/palmu.st\/fi\/index.php?rest_route=\/wp\/v2\/posts\/38\/revisions\/92"}],"wp:attachment":[{"href":"https:\/\/palmu.st\/fi\/index.php?rest_route=%2Fwp%2Fv2%2Fmedia&parent=38"}],"wp:term":[{"taxonomy":"category","embeddable":true,"href":"https:\/\/palmu.st\/fi\/index.php?rest_route=%2Fwp%2Fv2%2Fcategories&post=38"},{"taxonomy":"post_tag","embeddable":true,"href":"https:\/\/palmu.st\/fi\/index.php?rest_route=%2Fwp%2Fv2%2Ftags&post=38"}],"curies":[{"name":"wp","href":"https:\/\/api.w.org\/{rel}","templated":true}]}}