{"id":361,"date":"2016-07-09T09:21:42","date_gmt":"2016-07-09T00:21:42","guid":{"rendered":"http:\/\/palmu.st\/fi\/?p=361"},"modified":"2016-07-09T09:24:41","modified_gmt":"2016-07-09T00:24:41","slug":"palmunen-64-heinakuu-2016","status":"publish","type":"post","link":"https:\/\/palmu.st\/fi\/?p=361","title":{"rendered":"Palmunen 64: Hein\u00e4kuu 2016"},"content":{"rendered":"<p><strong>Riemulliset terveiset Etel\u00e4-Nishinomiyan seurakunnalta!<\/strong><\/p>\n<p>Kes\u00e4kuun ensimm\u00e4isen\u00e4 sunnuntaina aloittelin hieman v\u00e4syneen\u00e4 jumalanpalvelusta. T\u00e4t\u00e4k\u00f6 t\u00e4m\u00e4 on, paikallaan junnaamista? Samat henkil\u00f6t ovat poissa jumalanpalveluksesta viikko toisensa j\u00e4lkeen, toisia saa houkutella, osaa v\u00e4h\u00e4n voimakkaammin, osaa pienell\u00e4 muistutuksella. Jumalanpalvelusten vastuunkantajien haaliminenkin tuntuu viev\u00e4\u00e4n yh\u00e4 enemm\u00e4n aikaa: pit\u00e4isi l\u00f6yty\u00e4 kolehdinker\u00e4\u00e4j\u00e4, jumalanpalveluksen juontaja, s\u00e4est\u00e4j\u00e4, tekstinlukija, vastaanottovastaava jne.<\/p>\n<p>Alkuvirren aikana katsahdin taaksep\u00e4in etupenkist\u00e4: taaempana istui nuori nainen, joka hymyili. Toisessa suunnassa istui ensimm\u00e4ist\u00e4 kertaa kirkkoon tullut nuori pariskunta. Oho!<\/p>\n<p>Saarnan aikana v\u00e4s\u00e4ht\u00e4nyt saarnamies sai jostain ylim\u00e4\u00e4r\u00e4ist\u00e4 innostusta. Kukaan ei n\u00e4ytt\u00e4nyt nuokkuvan ja uusi pariskuntakin seurasi hieman eteenp\u00e4in kumartuneena saarnaa, ik\u00e4\u00e4n kuin imien jokaisen sanan, joka saarnatuolista luettiin.<\/p>\n<p>Jumalanpalveluksen j\u00e4lkeen uudet kirkkovieraat esitt\u00e4ytyiv\u00e4t reippaasti: \u201dOlen K.H., uskon ett\u00e4 Jeesus Kristus on Jumala, tied\u00e4n tarvitsevani pelastusta, haluaisin saada kasteen!\u201d \u201dOlen M.O. ja olen yhdess\u00e4 K.H.:n kanssa opiskellut raamattua. Min\u00e4kin haluaisin tulla kristityksi!\u201d<\/p>\n<p>Keskustelin nuorten kanssa yhteisell\u00e4 kahvihetkell\u00e4 jumalanpalveluksen p\u00e4\u00e4tytty\u00e4 ja muiden kirkkovieraiden palattua kotiinsa pidimme ensimm\u00e4isen katekismusopetuksen yhdess\u00e4 nuoren parin ja seminaariopiskelija Hitoshi Niwan kanssa. Sovimme seuraavan kokoontumiskerran ja j\u00e4in ihmettelem\u00e4\u00e4n p\u00e4iv\u00e4n tapahtumia.<\/p>\n<p>Seuraavien viikkojen aikana k\u00e4vimme l\u00e4pi mm. 10 k\u00e4sky\u00e4, Uskontunnustusta, Kristinoppia. Is\u00e4 Meid\u00e4n \u2013rukous p\u00e4\u00e4tettiin j\u00e4tt\u00e4\u00e4 hein\u00e4kuulle. 26.6. 2016 vietettiin suurta ilojuhlaa, kun sain olla kastamassa kaksi nuorta aikuista Jumalan lapseksi ja Taivaan valtakunnan perillisiksi. (LP)<\/p>\n<p>[&#8230; <a title=\"Palmunen 64: Hein\u00e4kuu 2016\" href=\"\/fi\/yk\/heina2016.pdf\" target=\"_blank\">jatkuu<\/a> &#8230;]<\/p>\n<p><a title=\"Touko2016-1\" href=\"\/fi\/yk\/heina2016-1.jpg\"><strong><img loading=\"lazy\" decoding=\"async\" title=\"Heina2016-1\" src=\"\/fi\/yk\/heina2016-1-thumb.jpg\" alt=\"Heina2016-1\" width=\"107\" height=\"150\" \/><\/strong><\/a><a title=\"Heina2016-2\" href=\"\/fi\/yk\/heina2016-2.jpg\"><img loading=\"lazy\" decoding=\"async\" title=\"Heina2016-2\" src=\"\/fi\/yk\/heina2016-2-thumb.jpg\" alt=\"Heina2016-2\" width=\"107\" height=\"150\" \/><\/a><a title=\"Heina2016-3\" href=\"\/fi\/yk\/heina2016-3.jpg\"><img loading=\"lazy\" decoding=\"async\" title=\"Heina2016-3\" src=\"\/fi\/yk\/heina2016-3-thumb.jpg\" alt=\"Heina2016-3\" width=\"107\" height=\"150\" \/><\/a><a title=\"Heina2016-4\" href=\"\/fi\/yk\/heina2016-4.jpg\"><img loading=\"lazy\" decoding=\"async\" title=\"Heina2016-4\" src=\"\/fi\/yk\/heina2016-4-thumb.jpg\" alt=\"Heina2016-4\" width=\"107\" height=\"150\" \/><\/a><\/p>\n<p>PDF-muotoinen kirjeemme on luettavissa ja tulostettavissa <a title=\"Palmunen 64: Hein\u00e4kuu 2016\" href=\"\/fi\/yk\/heina2016.pdf\" target=\"_blank\">t\u00e4st\u00e4<\/a> linkist\u00e4!<\/p>\n","protected":false},"excerpt":{"rendered":"<p>Riemulliset terveiset Etel\u00e4-Nishinomiyan seurakunnalta! Kes\u00e4kuun ensimm\u00e4isen\u00e4 sunnuntaina aloittelin hieman v\u00e4syneen\u00e4 jumalanpalvelusta. T\u00e4t\u00e4k\u00f6 t\u00e4m\u00e4 on, paikallaan junnaamista? Samat henkil\u00f6t ovat poissa jumalanpalveluksesta viikko toisensa j\u00e4lkeen, toisia saa houkutella, osaa v\u00e4h\u00e4n voimakkaammin, osaa pienell\u00e4 muistutuksella. Jumalanpalvelusten vastuunkantajien haaliminenkin tuntuu viev\u00e4\u00e4n yh\u00e4 enemm\u00e4n &hellip; <a href=\"https:\/\/palmu.st\/fi\/?p=361\">Lue loppuun <span class=\"meta-nav\">&rarr;<\/span><\/a><\/p>\n","protected":false},"author":1,"featured_media":0,"comment_status":"closed","ping_status":"open","sticky":false,"template":"","format":"standard","meta":{"footnotes":""},"categories":[1],"tags":[],"class_list":["post-361","post","type-post","status-publish","format-standard","hentry","category-yk"],"_links":{"self":[{"href":"https:\/\/palmu.st\/fi\/index.php?rest_route=\/wp\/v2\/posts\/361","targetHints":{"allow":["GET"]}}],"collection":[{"href":"https:\/\/palmu.st\/fi\/index.php?rest_route=\/wp\/v2\/posts"}],"about":[{"href":"https:\/\/palmu.st\/fi\/index.php?rest_route=\/wp\/v2\/types\/post"}],"author":[{"embeddable":true,"href":"https:\/\/palmu.st\/fi\/index.php?rest_route=\/wp\/v2\/users\/1"}],"replies":[{"embeddable":true,"href":"https:\/\/palmu.st\/fi\/index.php?rest_route=%2Fwp%2Fv2%2Fcomments&post=361"}],"version-history":[{"count":1,"href":"https:\/\/palmu.st\/fi\/index.php?rest_route=\/wp\/v2\/posts\/361\/revisions"}],"predecessor-version":[{"id":364,"href":"https:\/\/palmu.st\/fi\/index.php?rest_route=\/wp\/v2\/posts\/361\/revisions\/364"}],"wp:attachment":[{"href":"https:\/\/palmu.st\/fi\/index.php?rest_route=%2Fwp%2Fv2%2Fmedia&parent=361"}],"wp:term":[{"taxonomy":"category","embeddable":true,"href":"https:\/\/palmu.st\/fi\/index.php?rest_route=%2Fwp%2Fv2%2Fcategories&post=361"},{"taxonomy":"post_tag","embeddable":true,"href":"https:\/\/palmu.st\/fi\/index.php?rest_route=%2Fwp%2Fv2%2Ftags&post=361"}],"curies":[{"name":"wp","href":"https:\/\/api.w.org\/{rel}","templated":true}]}}